{"id":5165,"date":"2022-12-13T14:30:35","date_gmt":"2022-12-13T13:30:35","guid":{"rendered":"https:\/\/eccl.wearequattro.com\/letzcelebrate\/"},"modified":"2023-05-26T13:33:39","modified_gmt":"2023-05-26T12:33:39","slug":"letzcelebrate","status":"publish","type":"post","link":"https:\/\/eccl.lu\/en\/letzcelebrate\/","title":{"rendered":"#Letzcelebrate"},"content":{"rendered":"\t\t<div data-elementor-type=\"wp-post\" data-elementor-id=\"5165\" class=\"elementor elementor-5165 elementor-3474\" data-elementor-post-type=\"post\">\n\t\t\t\t<div class=\"elementor-element elementor-element-28dbfcd e-flex e-con-boxed e-con e-parent\" data-id=\"28dbfcd\" data-element_type=\"container\" data-e-type=\"container\">\n\t\t\t\t\t<div class=\"e-con-inner\">\n\t\t<div class=\"elementor-element elementor-element-4206a57 e-con-full elementor-hidden-mobile elementor-hidden-tablet e-flex e-con e-parent\" data-id=\"4206a57\" data-element_type=\"container\" data-e-type=\"container\">\n\t\t<div class=\"elementor-element elementor-element-912059f e-con-full elementor-hidden-mobile animated-fast e-flex elementor-invisible e-con e-parent\" data-id=\"912059f\" data-element_type=\"container\" data-e-type=\"container\" data-settings=\"{&quot;animation&quot;:&quot;slideInUp&quot;}\">\n\t\t\t\t<div class=\"elementor-element elementor-element-ad4d52f elementor-widget elementor-widget-image\" data-id=\"ad4d52f\" data-element_type=\"widget\" data-e-type=\"widget\" data-settings=\"{&quot;motion_fx_range&quot;:&quot;viewport&quot;,&quot;motion_fx_translateY_speed&quot;:{&quot;unit&quot;:&quot;px&quot;,&quot;size&quot;:1,&quot;sizes&quot;:[]},&quot;motion_fx_motion_fx_scrolling&quot;:&quot;yes&quot;,&quot;motion_fx_translateY_effect&quot;:&quot;yes&quot;,&quot;motion_fx_translateY_direction&quot;:&quot;negative&quot;,&quot;motion_fx_translateY_affectedRange&quot;:{&quot;unit&quot;:&quot;%&quot;,&quot;size&quot;:&quot;&quot;,&quot;sizes&quot;:{&quot;start&quot;:0,&quot;end&quot;:100}},&quot;motion_fx_devices&quot;:[&quot;desktop&quot;,&quot;tablet&quot;,&quot;mobile&quot;]}\" data-widget_type=\"image.default\">\n\t\t\t\t<div class=\"elementor-widget-container\">\n\t\t\t\t\t\t\t\t\t\t\t\t\t\t\t<img fetchpriority=\"high\" decoding=\"async\" width=\"1080\" height=\"1080\" src=\"https:\/\/eccl.lu\/wp-content\/uploads\/2022\/12\/post-eccl-party.jpg\" class=\"attachment-full size-full wp-image-4576\" alt=\"\" srcset=\"https:\/\/eccl.lu\/wp-content\/uploads\/2022\/12\/post-eccl-party.jpg 1080w, https:\/\/eccl.lu\/wp-content\/uploads\/2022\/12\/post-eccl-party-300x300.jpg 300w, https:\/\/eccl.lu\/wp-content\/uploads\/2022\/12\/post-eccl-party-1024x1024.jpg 1024w, https:\/\/eccl.lu\/wp-content\/uploads\/2022\/12\/post-eccl-party-150x150.jpg 150w, https:\/\/eccl.lu\/wp-content\/uploads\/2022\/12\/post-eccl-party-768x768.jpg 768w\" sizes=\"(max-width: 1080px) 100vw, 1080px\" \/>\t\t\t\t\t\t\t\t\t\t\t\t\t\t\t<\/div>\n\t\t\t\t<\/div>\n\t\t\t\t<\/div>\n\t\t\t\t<\/div>\n\t\t<div class=\"elementor-element elementor-element-3563481 e-con-full e-flex e-con e-parent\" data-id=\"3563481\" data-element_type=\"container\" data-e-type=\"container\">\n\t\t<div class=\"elementor-element elementor-element-94e8d81 animated-fast e-flex e-con-boxed elementor-invisible e-con e-parent\" data-id=\"94e8d81\" data-element_type=\"container\" data-e-type=\"container\" data-settings=\"{&quot;animation&quot;:&quot;slideInUp&quot;}\">\n\t\t\t\t\t<div class=\"e-con-inner\">\n\t\t\t\t<div class=\"elementor-element elementor-element-c824f2d e-transform elementor-widget elementor-widget-QT_Composed_Heading_Widget\" data-id=\"c824f2d\" data-element_type=\"widget\" data-e-type=\"widget\" data-settings=\"{&quot;_transform_translateX_effect&quot;:{&quot;unit&quot;:&quot;%&quot;,&quot;size&quot;:-35,&quot;sizes&quot;:[]},&quot;_transform_translateX_effect_tablet&quot;:{&quot;unit&quot;:&quot;%&quot;,&quot;size&quot;:0,&quot;sizes&quot;:[]},&quot;_transform_translateX_effect_mobile&quot;:{&quot;unit&quot;:&quot;%&quot;,&quot;size&quot;:&quot;&quot;,&quot;sizes&quot;:[]},&quot;_transform_translateY_effect&quot;:{&quot;unit&quot;:&quot;px&quot;,&quot;size&quot;:&quot;&quot;,&quot;sizes&quot;:[]},&quot;_transform_translateY_effect_tablet&quot;:{&quot;unit&quot;:&quot;px&quot;,&quot;size&quot;:&quot;&quot;,&quot;sizes&quot;:[]},&quot;_transform_translateY_effect_mobile&quot;:{&quot;unit&quot;:&quot;px&quot;,&quot;size&quot;:&quot;&quot;,&quot;sizes&quot;:[]}}\" data-widget_type=\"QT_Composed_Heading_Widget.default\">\n\t\t\t\t<div class=\"elementor-widget-container\">\n\t\t\t\t\t<h2 class=\"qt-composed-heading-title\">\n            <span class=\"heading-first-title\">#letzcelebrate<\/span>\n            <span class=\"heading-second-title\">The eccl celebrates!<\/span><\/h2>\t\t\t\t<\/div>\n\t\t\t\t<\/div>\n\t\t\t\t\t<\/div>\n\t\t\t\t<\/div>\n\t\t<div class=\"elementor-element elementor-element-8f0481a animated-fast e-flex e-con-boxed elementor-invisible e-con e-parent\" data-id=\"8f0481a\" data-element_type=\"container\" data-e-type=\"container\" data-settings=\"{&quot;animation&quot;:&quot;slideInUp&quot;}\">\n\t\t\t\t\t<div class=\"e-con-inner\">\n\t\t\t\t<div class=\"elementor-element elementor-element-5aa1863 elementor-hidden-desktop elementor-widget elementor-widget-image\" data-id=\"5aa1863\" data-element_type=\"widget\" data-e-type=\"widget\" data-widget_type=\"image.default\">\n\t\t\t\t<div class=\"elementor-widget-container\">\n\t\t\t\t\t\t\t\t\t\t\t\t\t\t\t<img fetchpriority=\"high\" decoding=\"async\" width=\"1080\" height=\"1080\" src=\"https:\/\/eccl.lu\/wp-content\/uploads\/2022\/12\/post-eccl-party.jpg\" class=\"attachment-full size-full wp-image-4576\" alt=\"\" srcset=\"https:\/\/eccl.lu\/wp-content\/uploads\/2022\/12\/post-eccl-party.jpg 1080w, https:\/\/eccl.lu\/wp-content\/uploads\/2022\/12\/post-eccl-party-300x300.jpg 300w, https:\/\/eccl.lu\/wp-content\/uploads\/2022\/12\/post-eccl-party-1024x1024.jpg 1024w, https:\/\/eccl.lu\/wp-content\/uploads\/2022\/12\/post-eccl-party-150x150.jpg 150w, https:\/\/eccl.lu\/wp-content\/uploads\/2022\/12\/post-eccl-party-768x768.jpg 768w\" sizes=\"(max-width: 1080px) 100vw, 1080px\" \/>\t\t\t\t\t\t\t\t\t\t\t\t\t\t\t<\/div>\n\t\t\t\t<\/div>\n\t\t\t\t<div class=\"elementor-element elementor-element-e968587 elementor-widget elementor-widget-text-editor\" data-id=\"e968587\" data-element_type=\"widget\" data-e-type=\"widget\" data-widget_type=\"text-editor.default\">\n\t\t\t\t<div class=\"elementor-widget-container\">\n\t\t\t\t\t\t\t\t\t<p><em>10 years after its reopening<\/em><\/p><p><em>(and 20 years since the start of the construction work that gave rise to your congress centre)<\/em><\/p><p>Formerly known as the Conference Centre Kirchberg (CCK), the ECCL was designed to host since 1967 the EU Council of Ministers&#8217; sessions in April, June and October, and major international events in Luxembourg.<\/p>\t\t\t\t\t\t\t\t<\/div>\n\t\t\t\t<\/div>\n\t\t\t\t\t<\/div>\n\t\t\t\t<\/div>\n\t\t\t\t<\/div>\n\t\t\t\t\t<\/div>\n\t\t\t\t<\/div>\n\t\t<div class=\"elementor-element elementor-element-f45b98e e-flex e-con-boxed e-con e-parent\" data-id=\"f45b98e\" data-element_type=\"container\" data-e-type=\"container\">\n\t\t\t\t\t<div class=\"e-con-inner\">\n\t\t<div class=\"elementor-element elementor-element-9e9660d e-con-full e-flex e-con e-parent\" data-id=\"9e9660d\" data-element_type=\"container\" data-e-type=\"container\">\n\t\t<div class=\"elementor-element elementor-element-b782cdb e-con-full animated-fast e-flex elementor-invisible e-con e-parent\" data-id=\"b782cdb\" data-element_type=\"container\" data-e-type=\"container\" data-settings=\"{&quot;animation&quot;:&quot;slideInUp&quot;}\">\n\t\t\t\t<div class=\"elementor-element elementor-element-1d7bbc6 elementor-widget elementor-widget-QT_Composed_Heading_Widget\" data-id=\"1d7bbc6\" data-element_type=\"widget\" data-e-type=\"widget\" data-widget_type=\"QT_Composed_Heading_Widget.default\">\n\t\t\t\t<div class=\"elementor-widget-container\">\n\t\t\t\t\t<h2 class=\"qt-composed-heading-title\">\n            <span class=\"heading-first-title\">In-depth analyses<\/span>\n            <span class=\"heading-second-title\">and studies<\/span><\/h2>\t\t\t\t<\/div>\n\t\t\t\t<\/div>\n\t\t\t\t<\/div>\n\t\t<div class=\"elementor-element elementor-element-bdd97c2 e-con-full animated-fast e-flex elementor-invisible e-con e-parent\" data-id=\"bdd97c2\" data-element_type=\"container\" data-e-type=\"container\" data-settings=\"{&quot;animation&quot;:&quot;slideInUp&quot;}\">\n\t\t\t\t<div class=\"elementor-element elementor-element-fde4acb elementor-widget elementor-widget-text-editor\" data-id=\"fde4acb\" data-element_type=\"widget\" data-e-type=\"widget\" data-widget_type=\"text-editor.default\">\n\t\t\t\t<div class=\"elementor-widget-container\">\n\t\t\t\t\t\t\t\t\t<p>In view of the successive enlargements of the European Union, the building has been the subject of in-depth analyses and studies aimed at bringing the existing rooms up to standard, and constructing new infrastructures adapted for the Council of Ministers, but also to offer state-of-the-art facilities to its visitors from all over the world and thus become your Congress Centre in Luxembourg .<\/p><p>The upgrading work was carried out in several successive phases:<\/p>\t\t\t\t\t\t\t\t<\/div>\n\t\t\t\t<\/div>\n\t\t\t\t<\/div>\n\t\t\t\t<\/div>\n\t\t\t\t\t<\/div>\n\t\t\t\t<\/div>\n\t\t<div class=\"elementor-element elementor-element-13439b1 e-flex e-con-boxed e-con e-parent\" data-id=\"13439b1\" data-element_type=\"container\" data-e-type=\"container\" data-settings=\"{&quot;background_background&quot;:&quot;classic&quot;}\">\n\t\t\t\t\t<div class=\"e-con-inner\">\n\t\t<div class=\"elementor-element elementor-element-c38a6f2 e-con-full animated-fast e-flex elementor-invisible e-con e-parent\" data-id=\"c38a6f2\" data-element_type=\"container\" data-e-type=\"container\" data-settings=\"{&quot;animation&quot;:&quot;slideInUp&quot;}\">\n\t\t\t\t<div class=\"elementor-element elementor-element-c6e1399 elementor-widget elementor-widget-QT_Composed_Heading_Widget\" data-id=\"c6e1399\" data-element_type=\"widget\" data-e-type=\"widget\" data-widget_type=\"QT_Composed_Heading_Widget.default\">\n\t\t\t\t<div class=\"elementor-widget-container\">\n\t\t\t\t\t<h2 class=\"qt-composed-heading-title\">\n            <span class=\"heading-first-title\">Work<\/span>\n            <span class=\"heading-second-title\">in several stages<\/span><\/h2>\t\t\t\t<\/div>\n\t\t\t\t<\/div>\n\t\t\t\t<\/div>\n\t\t<div class=\"elementor-element elementor-element-03d092a e-con-full e-flex e-con e-parent\" data-id=\"03d092a\" data-element_type=\"container\" data-e-type=\"container\">\n\t\t<div class=\"elementor-element elementor-element-1c1e428 e-con-full animated-fast e-flex elementor-invisible e-con e-parent\" data-id=\"1c1e428\" data-element_type=\"container\" data-e-type=\"container\" data-settings=\"{&quot;animation&quot;:&quot;slideInUp&quot;}\">\n\t\t\t\t<div class=\"elementor-element elementor-element-6bca20e elementor-widget elementor-widget-QT_Composed_List_Widget\" data-id=\"6bca20e\" data-element_type=\"widget\" data-e-type=\"widget\" data-widget_type=\"QT_Composed_List_Widget.default\">\n\t\t\t\t<div class=\"elementor-widget-container\">\n\t\t\t\t\t        <ul class=\"qt-list-items\">\n                            <li class=\"qt-icon-list-item\">\n                                        <div class=\"qt-icon-list-item-inner\">\n                        <span class=\"qt-icon-list-item-icon icon-type-line\" aria-hidden=\"true\">\n                            <span class=\"line\"><\/span>                        <\/span>\n                        <span class=\"qt-icon-list-item-content\">\n                            <span class=\"qt-icon-list-item-content__title\">1998 : Presentation of the New Conference Centre<\/span>                                                                                <\/span>\n                    <\/div>\n                <\/li>\n                            <li class=\"qt-icon-list-item\">\n                                        <div class=\"qt-icon-list-item-inner\">\n                        <span class=\"qt-icon-list-item-icon icon-type-line\" aria-hidden=\"true\">\n                            <span class=\"line\"><\/span>                        <\/span>\n                        <span class=\"qt-icon-list-item-content\">\n                            <span class=\"qt-icon-list-item-content__title\">2001 \u2013 2007 : Completion of the first phase of extension resulting in the construction of Plenary 1 with the two Workshop rooms<\/span>                                                                                <\/span>\n                    <\/div>\n                <\/li>\n                            <li class=\"qt-icon-list-item\">\n                                        <div class=\"qt-icon-list-item-inner\">\n                        <span class=\"qt-icon-list-item-icon icon-type-line\" aria-hidden=\"true\">\n                            <span class=\"line\"><\/span>                        <\/span>\n                        <span class=\"qt-icon-list-item-content\">\n                            <span class=\"qt-icon-list-item-content__title\">2007 - 2011 : Works on the second phase of the extension resulting in the construction of Plenary 2 and the press centre consisting of Room C, the press working room and the 30 briefing rooms<\/span>                                                                                <\/span>\n                    <\/div>\n                <\/li>\n                            <li class=\"qt-icon-list-item\">\n                                        <div class=\"qt-icon-list-item-inner\">\n                        <span class=\"qt-icon-list-item-icon icon-type-line\" aria-hidden=\"true\">\n                            <span class=\"line\"><\/span>                        <\/span>\n                        <span class=\"qt-icon-list-item-content\">\n                            <span class=\"qt-icon-list-item-content__title\">2012 : Reopening and first Council of Ministers in April 2012<\/span>                                                                                <\/span>\n                    <\/div>\n                <\/li>\n                    <\/ul>\n        \t\t\t\t<\/div>\n\t\t\t\t<\/div>\n\t\t\t\t<\/div>\n\t\t\t\t<\/div>\n\t\t\t\t\t<\/div>\n\t\t\t\t<\/div>\n\t\t<div class=\"elementor-element elementor-element-12ca8bf e-flex e-con-boxed e-con e-parent\" data-id=\"12ca8bf\" data-element_type=\"container\" data-e-type=\"container\">\n\t\t\t\t\t<div class=\"e-con-inner\">\n\t\t<div class=\"elementor-element elementor-element-432cf16 e-con-full e-flex e-con e-parent\" data-id=\"432cf16\" data-element_type=\"container\" data-e-type=\"container\">\n\t\t<div class=\"elementor-element elementor-element-f3f04b4 e-con-full animated-fast e-flex elementor-invisible e-con e-parent\" data-id=\"f3f04b4\" data-element_type=\"container\" data-e-type=\"container\" data-settings=\"{&quot;animation&quot;:&quot;slideInUp&quot;}\">\n\t\t\t\t<div class=\"elementor-element elementor-element-10682d4 elementor-widget elementor-widget-QT_Composed_Heading_Widget\" data-id=\"10682d4\" data-element_type=\"widget\" data-e-type=\"widget\" data-widget_type=\"QT_Composed_Heading_Widget.default\">\n\t\t\t\t<div class=\"elementor-widget-container\">\n\t\t\t\t\t<h2 class=\"qt-composed-heading-title\">\n            <span class=\"heading-first-title\">A quick look back<\/span>\n            <span class=\"heading-second-title\">over the last 10 years<\/span><\/h2>\t\t\t\t<\/div>\n\t\t\t\t<\/div>\n\t\t\t\t<\/div>\n\t\t<div class=\"elementor-element elementor-element-7ac7773 e-con-full animated-fast e-flex elementor-invisible e-con e-parent\" data-id=\"7ac7773\" data-element_type=\"container\" data-e-type=\"container\" data-settings=\"{&quot;animation&quot;:&quot;slideInUp&quot;}\">\n\t\t\t\t<div class=\"elementor-element elementor-element-388420a elementor-widget elementor-widget-text-editor\" data-id=\"388420a\" data-element_type=\"widget\" data-e-type=\"widget\" data-widget_type=\"text-editor.default\">\n\t\t\t\t<div class=\"elementor-widget-container\">\n\t\t\t\t\t\t\t\t\tIn addition to hosting the European Union&#8217;s Council of Ministers in April, May and June, your Center has had the honour of hosting major international events such as\t\t\t\t\t\t\t\t<\/div>\n\t\t\t\t<\/div>\n\t\t\t\t<div class=\"elementor-element elementor-element-faa5c29 elementor-widget elementor-widget-QT_Composed_List_Widget\" data-id=\"faa5c29\" data-element_type=\"widget\" data-e-type=\"widget\" data-widget_type=\"QT_Composed_List_Widget.default\">\n\t\t\t\t<div class=\"elementor-widget-container\">\n\t\t\t\t\t        <ul class=\"qt-list-items\">\n                            <li class=\"qt-icon-list-item\">\n                                        <div class=\"qt-icon-list-item-inner\">\n                        <span class=\"qt-icon-list-item-icon icon-type-line\" aria-hidden=\"true\">\n                            <span class=\"line\"><\/span>                        <\/span>\n                        <span class=\"qt-icon-list-item-content\">\n                            <span class=\"qt-icon-list-item-content__title\">2022 : 5th International Conference on Meniscus Science and Surgery<\/span>                                                                                <\/span>\n                    <\/div>\n                <\/li>\n                            <li class=\"qt-icon-list-item\">\n                                        <div class=\"qt-icon-list-item-inner\">\n                        <span class=\"qt-icon-list-item-icon icon-type-line\" aria-hidden=\"true\">\n                            <span class=\"line\"><\/span>                        <\/span>\n                        <span class=\"qt-icon-list-item-content\">\n                            <span class=\"qt-icon-list-item-content__title\">2020 : Regional hub of the 59th ICCA (International Congress and Convention Association) Congress<\/span>                                                                                <\/span>\n                    <\/div>\n                <\/li>\n                            <li class=\"qt-icon-list-item\">\n                                        <div class=\"qt-icon-list-item-inner\">\n                        <span class=\"qt-icon-list-item-icon icon-type-line\" aria-hidden=\"true\">\n                            <span class=\"line\"><\/span>                        <\/span>\n                        <span class=\"qt-icon-list-item-content\">\n                            <span class=\"qt-icon-list-item-content__title\">2019 : 63rd Congress of the UIA (International Association of Lawyers)<\/span>                                                                                <\/span>\n                    <\/div>\n                <\/li>\n                            <li class=\"qt-icon-list-item\">\n                                        <div class=\"qt-icon-list-item-inner\">\n                        <span class=\"qt-icon-list-item-icon icon-type-line\" aria-hidden=\"true\">\n                            <span class=\"line\"><\/span>                        <\/span>\n                        <span class=\"qt-icon-list-item-content\">\n                            <span class=\"qt-icon-list-item-content__title\">2018 : 73rd IFALPA (International Federation of Arline Pilots Association) conference<\/span>                                                                                <\/span>\n                    <\/div>\n                <\/li>\n                            <li class=\"qt-icon-list-item\">\n                                        <div class=\"qt-icon-list-item-inner\">\n                        <span class=\"qt-icon-list-item-icon icon-type-line\" aria-hidden=\"true\">\n                            <span class=\"line\"><\/span>                        <\/span>\n                        <span class=\"qt-icon-list-item-content\">\n                            <span class=\"qt-icon-list-item-content__title\">2015 : Luxembourg Presidency of the Council of the European Union<\/span>                                                                                <\/span>\n                    <\/div>\n                <\/li>\n                            <li class=\"qt-icon-list-item\">\n                                        <div class=\"qt-icon-list-item-inner\">\n                        <span class=\"qt-icon-list-item-icon icon-type-line\" aria-hidden=\"true\">\n                            <span class=\"line\"><\/span>                        <\/span>\n                        <span class=\"qt-icon-list-item-content\">\n                            <span class=\"qt-icon-list-item-content__title\">2013 : NATO<\/span>                                                                                <\/span>\n                    <\/div>\n                <\/li>\n                    <\/ul>\n        \t\t\t\t<\/div>\n\t\t\t\t<\/div>\n\t\t\t\t<\/div>\n\t\t\t\t<\/div>\n\t\t\t\t\t<\/div>\n\t\t\t\t<\/div>\n\t\t<div class=\"elementor-element elementor-element-5c61fc7 e-flex e-con-boxed e-con e-parent\" data-id=\"5c61fc7\" data-element_type=\"container\" data-e-type=\"container\">\n\t\t\t\t\t<div class=\"e-con-inner\">\n\t\t<div class=\"elementor-element elementor-element-e41050e e-con-full e-flex e-con e-parent\" data-id=\"e41050e\" data-element_type=\"container\" data-e-type=\"container\">\n\t\t<div class=\"elementor-element elementor-element-c9f040e e-con-full animated-fast e-flex elementor-invisible e-con e-parent\" data-id=\"c9f040e\" data-element_type=\"container\" data-e-type=\"container\" data-settings=\"{&quot;animation&quot;:&quot;slideInUp&quot;}\">\n\t\t\t\t<div class=\"elementor-element elementor-element-526af8f elementor-widget elementor-widget-QT_Composed_Heading_Widget\" data-id=\"526af8f\" data-element_type=\"widget\" data-e-type=\"widget\" data-widget_type=\"QT_Composed_Heading_Widget.default\">\n\t\t\t\t<div class=\"elementor-widget-container\">\n\t\t\t\t\t<h2 class=\"qt-composed-heading-title\">\n            <span class=\"heading-first-title\">L'ECCL<\/span>\n            <span class=\"heading-second-title\">is also<\/span><\/h2>\t\t\t\t<\/div>\n\t\t\t\t<\/div>\n\t\t\t\t<\/div>\n\t\t<div class=\"elementor-element elementor-element-6e0455e e-con-full animated-fast e-flex elementor-invisible e-con e-parent\" data-id=\"6e0455e\" data-element_type=\"container\" data-e-type=\"container\" data-settings=\"{&quot;animation&quot;:&quot;slideInUp&quot;}\">\n\t\t\t\t<div class=\"elementor-element elementor-element-eac1a9a elementor-widget elementor-widget-text-editor\" data-id=\"eac1a9a\" data-element_type=\"widget\" data-e-type=\"widget\" data-widget_type=\"text-editor.default\">\n\t\t\t\t<div class=\"elementor-widget-container\">\n\t\t\t\t\t\t\t\t\t<p>Training sessions for your new employees, recruitment fairs, conferences, end-of-year parties, etc.<\/p><p>Struck by Covid, your Convention Center has been able to bounce back and offer you virtual solutions with its studio, hybrid or face-to-face in its various modern and equipped spaces.<\/p><p>Our goal, to be at your side for all your projects since 10 years!<\/p>\t\t\t\t\t\t\t\t<\/div>\n\t\t\t\t<\/div>\n\t\t\t\t<\/div>\n\t\t\t\t<\/div>\n\t\t\t\t\t<\/div>\n\t\t\t\t<\/div>\n\t\t\t\t<\/div>\n\t\t","protected":false},"excerpt":{"rendered":"<p>#letzcelebrate The eccl celebrates! 10 years after its reopening (and 20 years since the start of the construction work that gave rise to your congress centre) Formerly known as the Conference Centre Kirchberg (CCK), the ECCL was designed to host since 1967 the EU Council of Ministers&#8217; sessions in April, June and October, and major [&hellip;]<\/p>\n","protected":false},"author":1,"featured_media":4561,"comment_status":"closed","ping_status":"closed","sticky":false,"template":"","format":"standard","meta":{"_acf_changed":false,"inline_featured_image":false,"footnotes":""},"categories":[1],"tags":[],"class_list":["post-5165","post","type-post","status-publish","format-standard","has-post-thumbnail","hentry","category-non-classifiee"],"acf":[],"yoast_head":"<!-- This site is optimized with the Yoast SEO plugin v27.4 - https:\/\/yoast.com\/product\/yoast-seo-wordpress\/ -->\n<title>#Letzcelebrate - European Convention Center Luxembourg<\/title>\n<meta name=\"robots\" content=\"index, follow, max-snippet:-1, max-image-preview:large, max-video-preview:-1\" \/>\n<link rel=\"canonical\" href=\"https:\/\/eccl.lu\/en\/letzcelebrate\/\" \/>\n<meta property=\"og:locale\" content=\"en_US\" \/>\n<meta property=\"og:type\" content=\"article\" \/>\n<meta property=\"og:title\" content=\"#Letzcelebrate - European Convention Center Luxembourg\" \/>\n<meta property=\"og:description\" content=\"#letzcelebrate The eccl celebrates! 10 years after its reopening (and 20 years since the start of the construction work that gave rise to your congress centre) Formerly known as the Conference Centre Kirchberg (CCK), the ECCL was designed to host since 1967 the EU Council of Ministers&#8217; sessions in April, June and October, and major [&hellip;]\" \/>\n<meta property=\"og:url\" content=\"https:\/\/eccl.lu\/en\/letzcelebrate\/\" \/>\n<meta property=\"og:site_name\" content=\"European Convention Center Luxembourg\" \/>\n<meta property=\"article:published_time\" content=\"2022-12-13T13:30:35+00:00\" \/>\n<meta property=\"article:modified_time\" content=\"2023-05-26T12:33:39+00:00\" \/>\n<meta property=\"og:image\" content=\"https:\/\/eccl.lu\/wp-content\/uploads\/2022\/12\/Letzcelebrate-hd.jpg\" \/>\n\t<meta property=\"og:image:width\" content=\"1920\" \/>\n\t<meta property=\"og:image:height\" content=\"1280\" \/>\n\t<meta property=\"og:image:type\" content=\"image\/jpeg\" \/>\n<meta name=\"author\" content=\"admin\" \/>\n<meta name=\"twitter:card\" content=\"summary_large_image\" \/>\n<meta name=\"twitter:label1\" content=\"Written by\" \/>\n\t<meta name=\"twitter:data1\" content=\"admin\" \/>\n\t<meta name=\"twitter:label2\" content=\"Est. reading time\" \/>\n\t<meta name=\"twitter:data2\" content=\"2 minutes\" \/>\n<script type=\"application\/ld+json\" class=\"yoast-schema-graph\">{\"@context\":\"https:\\\/\\\/schema.org\",\"@graph\":[{\"@type\":\"Article\",\"@id\":\"https:\\\/\\\/eccl.lu\\\/en\\\/letzcelebrate\\\/#article\",\"isPartOf\":{\"@id\":\"https:\\\/\\\/eccl.lu\\\/en\\\/letzcelebrate\\\/\"},\"author\":{\"name\":\"admin\",\"@id\":\"https:\\\/\\\/eccl.lu\\\/en\\\/#\\\/schema\\\/person\\\/93a3073d363f30454c704eb3b7f9d5d8\"},\"headline\":\"#Letzcelebrate\",\"datePublished\":\"2022-12-13T13:30:35+00:00\",\"dateModified\":\"2023-05-26T12:33:39+00:00\",\"mainEntityOfPage\":{\"@id\":\"https:\\\/\\\/eccl.lu\\\/en\\\/letzcelebrate\\\/\"},\"wordCount\":344,\"publisher\":{\"@id\":\"https:\\\/\\\/eccl.lu\\\/en\\\/#organization\"},\"image\":{\"@id\":\"https:\\\/\\\/eccl.lu\\\/en\\\/letzcelebrate\\\/#primaryimage\"},\"thumbnailUrl\":\"https:\\\/\\\/eccl.lu\\\/wp-content\\\/uploads\\\/2022\\\/12\\\/Letzcelebrate-hd.jpg\",\"articleSection\":[\"Non classifi\u00e9(e)\"],\"inLanguage\":\"en-US\"},{\"@type\":\"WebPage\",\"@id\":\"https:\\\/\\\/eccl.lu\\\/en\\\/letzcelebrate\\\/\",\"url\":\"https:\\\/\\\/eccl.lu\\\/en\\\/letzcelebrate\\\/\",\"name\":\"#Letzcelebrate - European Convention Center Luxembourg\",\"isPartOf\":{\"@id\":\"https:\\\/\\\/eccl.lu\\\/en\\\/#website\"},\"primaryImageOfPage\":{\"@id\":\"https:\\\/\\\/eccl.lu\\\/en\\\/letzcelebrate\\\/#primaryimage\"},\"image\":{\"@id\":\"https:\\\/\\\/eccl.lu\\\/en\\\/letzcelebrate\\\/#primaryimage\"},\"thumbnailUrl\":\"https:\\\/\\\/eccl.lu\\\/wp-content\\\/uploads\\\/2022\\\/12\\\/Letzcelebrate-hd.jpg\",\"datePublished\":\"2022-12-13T13:30:35+00:00\",\"dateModified\":\"2023-05-26T12:33:39+00:00\",\"breadcrumb\":{\"@id\":\"https:\\\/\\\/eccl.lu\\\/en\\\/letzcelebrate\\\/#breadcrumb\"},\"inLanguage\":\"en-US\",\"potentialAction\":[{\"@type\":\"ReadAction\",\"target\":[\"https:\\\/\\\/eccl.lu\\\/en\\\/letzcelebrate\\\/\"]}]},{\"@type\":\"ImageObject\",\"inLanguage\":\"en-US\",\"@id\":\"https:\\\/\\\/eccl.lu\\\/en\\\/letzcelebrate\\\/#primaryimage\",\"url\":\"https:\\\/\\\/eccl.lu\\\/wp-content\\\/uploads\\\/2022\\\/12\\\/Letzcelebrate-hd.jpg\",\"contentUrl\":\"https:\\\/\\\/eccl.lu\\\/wp-content\\\/uploads\\\/2022\\\/12\\\/Letzcelebrate-hd.jpg\",\"width\":1920,\"height\":1280},{\"@type\":\"BreadcrumbList\",\"@id\":\"https:\\\/\\\/eccl.lu\\\/en\\\/letzcelebrate\\\/#breadcrumb\",\"itemListElement\":[{\"@type\":\"ListItem\",\"position\":1,\"name\":\"Homepage\",\"item\":\"https:\\\/\\\/eccl.lu\\\/en\\\/\"},{\"@type\":\"ListItem\",\"position\":2,\"name\":\"#Letzcelebrate\"}]},{\"@type\":\"WebSite\",\"@id\":\"https:\\\/\\\/eccl.lu\\\/en\\\/#website\",\"url\":\"https:\\\/\\\/eccl.lu\\\/en\\\/\",\"name\":\"European Convention Center Luxembourg\",\"description\":\"Pour des \u00e9v\u00e9nements grav\u00e9s dans l\u2019histoire, faites appel \u00e0 l\u2019ECCL; Consultez nos offres et d\u00e9couvrez l&#039;unique palais des congr\u00e8s du Luxembourg\",\"publisher\":{\"@id\":\"https:\\\/\\\/eccl.lu\\\/en\\\/#organization\"},\"potentialAction\":[{\"@type\":\"SearchAction\",\"target\":{\"@type\":\"EntryPoint\",\"urlTemplate\":\"https:\\\/\\\/eccl.lu\\\/en\\\/?s={search_term_string}\"},\"query-input\":{\"@type\":\"PropertyValueSpecification\",\"valueRequired\":true,\"valueName\":\"search_term_string\"}}],\"inLanguage\":\"en-US\"},{\"@type\":\"Organization\",\"@id\":\"https:\\\/\\\/eccl.lu\\\/en\\\/#organization\",\"name\":\"European Convention Center Luxembourg\",\"url\":\"https:\\\/\\\/eccl.lu\\\/en\\\/\",\"logo\":{\"@type\":\"ImageObject\",\"inLanguage\":\"en-US\",\"@id\":\"https:\\\/\\\/eccl.lu\\\/en\\\/#\\\/schema\\\/logo\\\/image\\\/\",\"url\":\"https:\\\/\\\/eccl.lu\\\/wp-content\\\/uploads\\\/2022\\\/11\\\/eccl-logo.svg\",\"contentUrl\":\"https:\\\/\\\/eccl.lu\\\/wp-content\\\/uploads\\\/2022\\\/11\\\/eccl-logo.svg\",\"width\":290,\"height\":102,\"caption\":\"European Convention Center Luxembourg\"},\"image\":{\"@id\":\"https:\\\/\\\/eccl.lu\\\/en\\\/#\\\/schema\\\/logo\\\/image\\\/\"}},{\"@type\":\"Person\",\"@id\":\"https:\\\/\\\/eccl.lu\\\/en\\\/#\\\/schema\\\/person\\\/93a3073d363f30454c704eb3b7f9d5d8\",\"name\":\"admin\",\"image\":{\"@type\":\"ImageObject\",\"inLanguage\":\"en-US\",\"@id\":\"https:\\\/\\\/secure.gravatar.com\\\/avatar\\\/a015d4268c2e527edabfbbb81385e47b8980ad92ace3527dab3714c350c6e387?s=96&d=mm&r=g\",\"url\":\"https:\\\/\\\/secure.gravatar.com\\\/avatar\\\/a015d4268c2e527edabfbbb81385e47b8980ad92ace3527dab3714c350c6e387?s=96&d=mm&r=g\",\"contentUrl\":\"https:\\\/\\\/secure.gravatar.com\\\/avatar\\\/a015d4268c2e527edabfbbb81385e47b8980ad92ace3527dab3714c350c6e387?s=96&d=mm&r=g\",\"caption\":\"admin\"},\"sameAs\":[\"https:\\\/\\\/eccl.lu\"]}]}<\/script>\n<!-- \/ Yoast SEO plugin. -->","yoast_head_json":{"title":"#Letzcelebrate - European Convention Center Luxembourg","robots":{"index":"index","follow":"follow","max-snippet":"max-snippet:-1","max-image-preview":"max-image-preview:large","max-video-preview":"max-video-preview:-1"},"canonical":"https:\/\/eccl.lu\/en\/letzcelebrate\/","og_locale":"en_US","og_type":"article","og_title":"#Letzcelebrate - European Convention Center Luxembourg","og_description":"#letzcelebrate The eccl celebrates! 10 years after its reopening (and 20 years since the start of the construction work that gave rise to your congress centre) Formerly known as the Conference Centre Kirchberg (CCK), the ECCL was designed to host since 1967 the EU Council of Ministers&#8217; sessions in April, June and October, and major [&hellip;]","og_url":"https:\/\/eccl.lu\/en\/letzcelebrate\/","og_site_name":"European Convention Center Luxembourg","article_published_time":"2022-12-13T13:30:35+00:00","article_modified_time":"2023-05-26T12:33:39+00:00","og_image":[{"width":1920,"height":1280,"url":"https:\/\/eccl.lu\/wp-content\/uploads\/2022\/12\/Letzcelebrate-hd.jpg","type":"image\/jpeg"}],"author":"admin","twitter_card":"summary_large_image","twitter_misc":{"Written by":"admin","Est. reading time":"2 minutes"},"schema":{"@context":"https:\/\/schema.org","@graph":[{"@type":"Article","@id":"https:\/\/eccl.lu\/en\/letzcelebrate\/#article","isPartOf":{"@id":"https:\/\/eccl.lu\/en\/letzcelebrate\/"},"author":{"name":"admin","@id":"https:\/\/eccl.lu\/en\/#\/schema\/person\/93a3073d363f30454c704eb3b7f9d5d8"},"headline":"#Letzcelebrate","datePublished":"2022-12-13T13:30:35+00:00","dateModified":"2023-05-26T12:33:39+00:00","mainEntityOfPage":{"@id":"https:\/\/eccl.lu\/en\/letzcelebrate\/"},"wordCount":344,"publisher":{"@id":"https:\/\/eccl.lu\/en\/#organization"},"image":{"@id":"https:\/\/eccl.lu\/en\/letzcelebrate\/#primaryimage"},"thumbnailUrl":"https:\/\/eccl.lu\/wp-content\/uploads\/2022\/12\/Letzcelebrate-hd.jpg","articleSection":["Non classifi\u00e9(e)"],"inLanguage":"en-US"},{"@type":"WebPage","@id":"https:\/\/eccl.lu\/en\/letzcelebrate\/","url":"https:\/\/eccl.lu\/en\/letzcelebrate\/","name":"#Letzcelebrate - European Convention Center Luxembourg","isPartOf":{"@id":"https:\/\/eccl.lu\/en\/#website"},"primaryImageOfPage":{"@id":"https:\/\/eccl.lu\/en\/letzcelebrate\/#primaryimage"},"image":{"@id":"https:\/\/eccl.lu\/en\/letzcelebrate\/#primaryimage"},"thumbnailUrl":"https:\/\/eccl.lu\/wp-content\/uploads\/2022\/12\/Letzcelebrate-hd.jpg","datePublished":"2022-12-13T13:30:35+00:00","dateModified":"2023-05-26T12:33:39+00:00","breadcrumb":{"@id":"https:\/\/eccl.lu\/en\/letzcelebrate\/#breadcrumb"},"inLanguage":"en-US","potentialAction":[{"@type":"ReadAction","target":["https:\/\/eccl.lu\/en\/letzcelebrate\/"]}]},{"@type":"ImageObject","inLanguage":"en-US","@id":"https:\/\/eccl.lu\/en\/letzcelebrate\/#primaryimage","url":"https:\/\/eccl.lu\/wp-content\/uploads\/2022\/12\/Letzcelebrate-hd.jpg","contentUrl":"https:\/\/eccl.lu\/wp-content\/uploads\/2022\/12\/Letzcelebrate-hd.jpg","width":1920,"height":1280},{"@type":"BreadcrumbList","@id":"https:\/\/eccl.lu\/en\/letzcelebrate\/#breadcrumb","itemListElement":[{"@type":"ListItem","position":1,"name":"Homepage","item":"https:\/\/eccl.lu\/en\/"},{"@type":"ListItem","position":2,"name":"#Letzcelebrate"}]},{"@type":"WebSite","@id":"https:\/\/eccl.lu\/en\/#website","url":"https:\/\/eccl.lu\/en\/","name":"European Convention Center Luxembourg","description":"Pour des \u00e9v\u00e9nements grav\u00e9s dans l\u2019histoire, faites appel \u00e0 l\u2019ECCL; Consultez nos offres et d\u00e9couvrez l&#039;unique palais des congr\u00e8s du Luxembourg","publisher":{"@id":"https:\/\/eccl.lu\/en\/#organization"},"potentialAction":[{"@type":"SearchAction","target":{"@type":"EntryPoint","urlTemplate":"https:\/\/eccl.lu\/en\/?s={search_term_string}"},"query-input":{"@type":"PropertyValueSpecification","valueRequired":true,"valueName":"search_term_string"}}],"inLanguage":"en-US"},{"@type":"Organization","@id":"https:\/\/eccl.lu\/en\/#organization","name":"European Convention Center Luxembourg","url":"https:\/\/eccl.lu\/en\/","logo":{"@type":"ImageObject","inLanguage":"en-US","@id":"https:\/\/eccl.lu\/en\/#\/schema\/logo\/image\/","url":"https:\/\/eccl.lu\/wp-content\/uploads\/2022\/11\/eccl-logo.svg","contentUrl":"https:\/\/eccl.lu\/wp-content\/uploads\/2022\/11\/eccl-logo.svg","width":290,"height":102,"caption":"European Convention Center Luxembourg"},"image":{"@id":"https:\/\/eccl.lu\/en\/#\/schema\/logo\/image\/"}},{"@type":"Person","@id":"https:\/\/eccl.lu\/en\/#\/schema\/person\/93a3073d363f30454c704eb3b7f9d5d8","name":"admin","image":{"@type":"ImageObject","inLanguage":"en-US","@id":"https:\/\/secure.gravatar.com\/avatar\/a015d4268c2e527edabfbbb81385e47b8980ad92ace3527dab3714c350c6e387?s=96&d=mm&r=g","url":"https:\/\/secure.gravatar.com\/avatar\/a015d4268c2e527edabfbbb81385e47b8980ad92ace3527dab3714c350c6e387?s=96&d=mm&r=g","contentUrl":"https:\/\/secure.gravatar.com\/avatar\/a015d4268c2e527edabfbbb81385e47b8980ad92ace3527dab3714c350c6e387?s=96&d=mm&r=g","caption":"admin"},"sameAs":["https:\/\/eccl.lu"]}]}},"_links":{"self":[{"href":"https:\/\/eccl.lu\/en\/wp-json\/wp\/v2\/posts\/5165","targetHints":{"allow":["GET"]}}],"collection":[{"href":"https:\/\/eccl.lu\/en\/wp-json\/wp\/v2\/posts"}],"about":[{"href":"https:\/\/eccl.lu\/en\/wp-json\/wp\/v2\/types\/post"}],"author":[{"embeddable":true,"href":"https:\/\/eccl.lu\/en\/wp-json\/wp\/v2\/users\/1"}],"replies":[{"embeddable":true,"href":"https:\/\/eccl.lu\/en\/wp-json\/wp\/v2\/comments?post=5165"}],"version-history":[{"count":0,"href":"https:\/\/eccl.lu\/en\/wp-json\/wp\/v2\/posts\/5165\/revisions"}],"wp:featuredmedia":[{"embeddable":true,"href":"https:\/\/eccl.lu\/en\/wp-json\/wp\/v2\/media\/4561"}],"wp:attachment":[{"href":"https:\/\/eccl.lu\/en\/wp-json\/wp\/v2\/media?parent=5165"}],"wp:term":[{"taxonomy":"category","embeddable":true,"href":"https:\/\/eccl.lu\/en\/wp-json\/wp\/v2\/categories?post=5165"},{"taxonomy":"post_tag","embeddable":true,"href":"https:\/\/eccl.lu\/en\/wp-json\/wp\/v2\/tags?post=5165"}],"curies":[{"name":"wp","href":"https:\/\/api.w.org\/{rel}","templated":true}]}}